{"id":4091,"date":"2026-07-14T09:12:26","date_gmt":"2026-07-14T09:12:26","guid":{"rendered":"https:\/\/zerovia.ch\/?p=4091"},"modified":"2026-07-14T09:12:29","modified_gmt":"2026-07-14T09:12:29","slug":"van-vsme-naar-vs-standard","status":"publish","type":"post","link":"https:\/\/zerovia.ch\/nl\/vom-vsme-zum-vs-standard\/","title":{"rendered":"Van VSME naar VS-standaard: de vrijwillige standaard waar niemand straks meer omheen kan"},"content":{"rendered":"<h2 class=\"wp-block-heading\">Wat betekent duurzaamheid voor een Zwitsers KMO?<\/h2>\n\n\n\n<div style=\"height:16px\" aria-hidden=\"true\" class=\"wp-block-spacer\"><\/div>\n\n\n\n<h6 class=\"wp-block-heading\">Op 3 juli 2026 heeft de EU-Commissie de vrijwillige duurzaamheidsstandaard aangenomen als gedelegeerde wet. Hij oogt onschadelijk \u2013 \u201evrijwillig\u00bb. In werkelijkheid bepaalt hij welke ESG-gegevens een MKB in de toeleveringsketen nog moet verstrekken. Een analyse.<\/h6>\n\n\n\n<p class=\"wp-block-paragraph\">Wie die europ\u00e4ische ESG-Regulierung sinds de eerste CSRD-consultatie heeft gevolgd, heeft geleerd om aankondigingen te wantrouwen en naar de mechanica te kijken. 3 juli 2026 was zo'n dag waarop de mechanica belangrijker was dan de kop. De EU-Commissie heeft met de gedelegeerde handeling&nbsp;<em>C(2026) 5011 definitief<\/em>&nbsp;De vrijwillige duurzaamheidsnorm voor bedrijven buiten de CSRD-plicht is aangenomen \u2013 de bindende versie van wat tot nu toe als VSME-aanbeveling door de markt circuleerde. In de professionele discussie heeft zich hiervoor snel het acroniem \u201eVS\u00bb (Voluntary Standard) ingeburgerd. Het eigenlijke nieuws staat niet in de titel: een \u201evrijwillige\u00bb norm wordt de bindende bovengrens voor al hetgeen grote klanten en banken van kleinere leveranciers mogen eisen.<\/p>\n\n\n\n<p class=\"wp-block-paragraph\">Dat klinkt als een technisch detail. Het is de reden waarom de VS relevanter wordt voor het midden- en kleinbedrijf dan de CSRD zelf in de komende 18 maanden.&nbsp;<\/p>\n\n\n\n<h3 class=\"wp-block-heading\">1. Waar de CSRD stopt \u2013 en wat Omnibus daaraan heeft veranderd<\/h3>\n\n\n\n<div class=\"wp-block-columns is-layout-flex wp-container-core-columns-is-layout-8f761849 wp-block-columns-is-layout-flex\">\n<div class=\"wp-block-column is-layout-flow wp-block-column-is-layout-flow\">\n<p class=\"wp-block-paragraph\">Die&nbsp;<strong>Corporate Sustainability Reporting Directive (CSRD)<\/strong>&nbsp;oor in de oorspronkelijke versie ontworpen voor ongeveer 50.000 bedrijven in de EU. Het vereist een gecontroleerd duurzaamheidsverslag volgens de&nbsp;<strong>ESRS<\/strong>&nbsp;(Europese Duurzaamheidsverslaggevingsstandaarden), inclusief dubbele materialiteitsanalyse en externe audit. Voor een groot, kapitaalmarktgericht bedrijf is dit veeleisend, maar te doen. Voor de klassieke middenstand was het vanaf het begin een stap te ver.<\/p>\n\n\n\n<p class=\"wp-block-paragraph\">Precies hier begint het&nbsp;<strong>Omnibus-I-Pakket<\/strong>&nbsp;De Commissie had dit voorgesteld op 26 februari 2025; de bijbehorende wijzigingsrichtlijn werd begin 2026 definitief goedgekeurd en trad in het voorjaar van 2026 in werking. Drie interventies zijn cruciaal voor het midden- en kleinbedrijf:<\/p>\n\n\n\n<p class=\"wp-block-paragraph\"><strong>Ten eerste het toepassingsgebied.<\/strong>&nbsp;De CSRD-verplichting geldt nu alleen nog voor bedrijven met&nbsp;<strong>meer dan 1.000 medewerkers<\/strong>&nbsp;<em>en<\/em>&nbsp;over&nbsp;<strong>450 miljoen euro omzet<\/strong>. Dit leidt tot een drastische vermindering van het aantal bedrijven dat verslag moet uitbrengen \u2013 volgens schattingen gaat het om een daling van ongeveer 80 %. Het grootste deel van het midden- en kleinbedrijf is daarmee formeel vrijgesteld van deze directe verplichting.<\/p>\n\n\n\n<p class=\"wp-block-paragraph\"><strong>Ten tweede de vereenvoudiging van de ESRS.<\/strong>&nbsp;De herziene normen verminderen het aantal gegevenspunten van ongeveer&nbsp;<strong>1.073 tot ongeveer 320<\/strong>&nbsp;(voor zover materieel) \u2013 een daling van meer dan 70 %, bij de verplichte gegevenspunten meer dan 60 %. De dubbele materialiteit, ESRS 1 en 2 als verplicht raamwerk en E1 (klimaat) als gegevensruggengraat, blijven echter behouden. De CSRD wordt dus eenvoudiger, maar niet wezenlijk anders.<\/p>\n\n\n\n<p class=\"wp-block-paragraph\"><strong>Ten derde \u2013 en dit is de eigenlijke hefboom \u2013 de \u201ewaarderingsketenknip\u00bb.<\/strong>&nbsp;Een door de CSRD-wetgeving verplichte onderneming mag zakelijke partners met&nbsp;<strong>minder dan 1.000 werknemers<\/strong>&nbsp;niet langer vragen om duurzaamheidsinformatie die verder gaat dan de vrijwillige standaard. Een aanbeveling wordt zo wettelijk begrensd. De VS is niet langer slechts een aanbod voor het MKB \u2013 het is de juridische grens van wat er van hen mag worden ge\u00ebist.<\/p>\n<\/div>\n<\/div>\n\n\n\n<p class=\"wp-block-paragraph\"><strong>Kritisch geanalyseerd<\/strong><\/p>\n\n\n\n<p class=\"wp-block-paragraph\">De dop beschermt tegen verplichte gegevensverzoeken buiten de VS \u2013 niet tegen vrijwillige. Grote klanten mogen nog steeds meer vragen, en veel MKB-bedrijven zullen om commerci\u00eble redenen leveren. Banken opereren soms ook buiten de waardeketenlogica via hun eigen wettelijke vereisten. \u201eAlle vereisten voldaan\u00bb is daarom preciezer dan \u201ealle gestandaardiseerde vereisten voldaan\u00bb.<\/p>\n\n\n\n<h4 class=\"wp-block-heading\">CSRD-verplichting eindigt \u2013 VS-standaard begint<\/h4>\n\n\n\n<p class=\"wp-block-paragraph\"><\/p>\n\n\n\n<div class=\"wp-block-columns is-layout-flex wp-container-core-columns-is-layout-8f761849 wp-block-columns-is-layout-flex\">\n<div class=\"wp-block-column card is-layout-flow wp-block-column-is-layout-flow\">\n<p class=\"wp-block-paragraph\">VERPLICHT<br><strong>CSRD<\/strong> <br>\u2265 1.000 medewerkers EN <br>450 miljoen euro omzet <\/p>\n\n\n\n<ul class=\"wp-block-list\">\n<li>Volledige ESRS (~320 DP, indien van toepassing) <\/li>\n\n\n\n<li>Dubbele materialiteitsanalyse <\/li>\n\n\n\n<li>Externe controles (Assurance)<\/li>\n<\/ul>\n<\/div>\n\n\n\n<div class=\"wp-block-column card card--green has-custom-css is-layout-flow wp-block-column-is-layout-flow wp-custom-css-05f31c88\">\n<p class=\"wp-block-paragraph\">VRIJWILLIG \u00b7 GECAPTEERD<br><strong>VS-standaard (Basis: VSME)<\/strong> <br>Minder dan 1.000 werknemers<br>buiten de CSRD-verplichting<\/p>\n\n\n\n<ul class=\"wp-block-list\">\n<li>Basismodule B1\u2013B11 (Kern-KPI's)<\/li>\n\n\n\n<li>Uitgebreid C1\u2013C9 (op aanvraag)<\/li>\n\n\n\n<li>Geen dwingende essentialiteit, geen controleplicht<\/li>\n<\/ul>\n<\/div>\n<\/div>\n\n\n\n<h6 class=\"wp-block-heading\">WAARDEKETEN CAP (Omnibus I)<\/h6>\n\n\n\n<p class=\"wp-block-paragraph\">Een bedrijf dat onder de CSRD valt, mag van leveranciers die MKB zijn, niets verlangen dat verder gaat dan de VS-standaard.<\/p>\n\n\n\n<p class=\"wp-block-paragraph\"><sub>Afb. 1 \u2014 Afbakening CSRD \u2194 VS-standaard. De Value Chain Cap maakt de vrijwillige norm een bindende bovengrens voor gegevensverzoeken langs de toeleveringsketen.<\/sub><\/p>\n\n\n\n<h3 class=\"wp-block-heading\">2. Van VSME naar VS: de ontwikkeling van een \u201evrijwillige\u00bb norm met tanden<\/h3>\n\n\n\n<p class=\"wp-block-paragraph\">De VS komt niet uit de lucht vallen. Zijn geschiedenis verklaart waarom hij zo krachtig is. EFRAG had de&nbsp;<strong>VSME<\/strong>&nbsp;\u2013 de \u201eVoluntary Sustainability Reporting Standard for non-listed SMEs\u00bb \u2013 in&nbsp;<strong>December 2024<\/strong>&nbsp;aan de Commissie overhandigd. Het was het pragmatische antwoord op een re\u00ebel probleem: KMO's werden geconfronteerd met een wildgroei aan individuele ESG-vragenlijsten van klanten en banken. De VSME moest deze wildgroei door&nbsp;<em>een<\/em>&nbsp;gestandaardiseerde informatie vervangen.<\/p>\n\n\n\n<p class=\"wp-block-paragraph\">In&nbsp;<strong>Juli 2025<\/strong>&nbsp;nam de Commissie de VSME over als&nbsp;<strong>Aanbeveling<\/strong>. Een aanbeveling in EU-recht is \u201esoft law\u00bb - niet bindend. Precies dat veranderde met Omnibus. De VSME veranderde van goed advies in een wettelijk verankerd referentiepunt voor de Value Chain Cap. En met de gedelegeerde wetgevingshandeling van&nbsp;<strong>3 juli 2026<\/strong>&nbsp;verkrijgt deze versie nu bindende rechtskracht als gedelegeerde verordening \u2013 geen advies meer, maar toepasselijk recht.<\/p>\n\n\n\n<p class=\"wp-block-paragraph\">De inhoudelijke structuur van de VSME blijft daarbij grotendeels behouden: een\u00a0<strong>Basismodule (B1-B11)<\/strong>\u00a0met de kerndata die waardeketenpartners het vaakst aanvragen - waaronder\u00a0<strong>THG-emissies Scope 1 en 2<\/strong>, Kenncijfers over het eigen personeel, energie en corruptiebestrijding. Hierop voortbouwend een\u00a0<strong>Uitgebreide module (C1\u2013C9)<\/strong>\u00a0voor de aanvullende gegevens die banken, investeerders en grootklanten typisch eisen bovenop. De basismodule is een voorwaarde voor de uitgebreide module.<\/p>\n\n\n\n<p class=\"card wp-block-paragraph\">De VS is geen \u201enieuwe\u00bb standaard, maar de VSME met juridische tanden. Inhoudelijk veranderen de openbaarmakingen nauwelijks; wat verandert, is de juridische status (aanbeveling \u2192 gedelegeerde verordening) en de functie (voorstel \u2192 wettelijke datalijn). Wie dat begrijpt, positioneert zich eerder correct dan de markt.<\/p>\n\n\n\n<h3 class=\"wp-block-heading\">De belangrijkste verschillen: VSME (2024\/25) \u2192 VS (2026)<br><\/h3>\n\n\n\n<style data-wp-block-html=\"css\">\n.table-wrap{overflow-x:auto;margin:34px 0;border:1px solid var(--border);border-radius:var(--radius);box-shadow:var(--shadow);}\ntable{border-collapse:collapse;width:100%;min-width:640px;font-size:.9rem;background:#fff;}\nthead th{\n  background:var(--navy);color:#fff;text-align:left;padding:14px 16px;font-family:\"Cal Sans\";\n  font-weight:400;font-size:.95rem;\n}\nthead th:first-child{border-top-left-radius:var(--radius);}\nthead th:last-child{border-top-right-radius:var(--radius);}\ntbody th{\n  text-align:left;padding:13px 16px;background:var(--grey-light);font-weight:600;\n  color:var(--navy);vertical-align:top;width:26%;border-bottom:1px solid var(--border);\n}\ntbody td{padding:13px 16px;border-bottom:1px solid var(--border);vertical-align:top;color:#2b3a4a;}\ntbody tr:last-child th,tbody tr:last-child td{border-bottom:none;}\ntbody td.vs{background:rgba(123,193,67,.06);}\n.tick{color:#2f8f2f;font-weight:700;}\n.cross{color:var(--red);font-weight:700;}\n<\/style>\n\n<div class=\"table-wrap\">\n    <table>\n      <thead>\n        <tr>\n          <th>Dimensie<\/th>\n          <th>VSME (EFRAG-aanbeveling)<\/th>\n          <th>VS-standaard (Gedelegeerde Handeling)<\/th>\n        <\/tr>\n      <\/thead>\n      <tbody>\n        <tr>\n          <th>Rechtsstatus<\/th>\n          <td>Commissieaanbeveling (soft law), 30 juli 2025<\/td>\n          <td class=\"vs\">Gedelegeerde Verordening \u2013 bindende EU-wetgeving, C(2026) 5011 definitief van 3-7-2026<\/td>\n        <\/tr>\n        <tr>\n          <th>Binding<\/th>\n          <td>Vrijblijvend, louter vrijwillige toepassing<\/td>\n          <td class=\"vs\">Vrijwillig voor het MKB \u2013 maar bindend als bovengrens voor aanvragers<\/td>\n        <\/tr>\n        <tr>\n          <th>Functie in de toeleveringsketen<\/th>\n          <td>Gestandaardiseerd antwoord sjabloon tegen questionnaire wildgroei<\/td>\n          <td class=\"vs\">Wettelijke \u201eketenmaximum\u00bb: definieert het maximum aantal toegestane verzoeken<\/td>\n        <\/tr>\n        <tr>\n          <th>Bescherming voor het MKB<\/th>\n          <td>De klanten konden niet meer vragen dan ze wilden<\/td>\n          <td class=\"vs\"><span class=\"tick\">Ja<\/span> wettelijk recht, verzoeken buiten de VS af te wijzen<\/td>\n        <\/tr>\n        <tr>\n          <th>Modulstructuur<\/th>\n          <td>Basis B1\u2013B11 + Uitgebreid C1\u2013C9<\/td>\n          <td class=\"vs\">Grotendeels overgenomen (inhoudelijk VSME-gebaseerd)<\/td>\n        <\/tr>\n        <tr>\n          <th>Dubbele materialiteit<\/th>\n          <td><span class=\"cross\">Nicht<\/span> verplichtend<\/td>\n          <td class=\"vs\"><span class=\"cross\">Nicht<\/span> verplicht (bewust laagdrempelig)<\/td>\n        <\/tr>\n        <tr>\n          <th>Externe controle<\/th>\n          <td>Geen verzekeringsplicht<\/td>\n          <td class=\"vs\">Geen verzekeringsplicht<\/td>\n        <\/tr>\n        <tr>\n          <th>Relatie met CSRD\/ESRS<\/th>\n          <td>Bewust \u201elichter\u00bb dan ESRS<\/td>\n          <td class=\"vs\">Referentiepunt dat ESRS-rapportageplichtigen niet mogen overschrijden ten opzichte van KMO's<\/td>\n        <\/tr>\n        <tr>\n          <th>Status &amp; Tijdlijn<\/th>\n          <td>Overdracht 12\/2024, Advies 07\/2025<\/td>\n          <td class=\"vs\">Afwijzing 03-07-2026; Testfase EP\/Raad (tot 4 maanden); Toepassing vanaf boekjaar 2027, vrijwillig vanaf boekjaar 2026<\/td>\n        <\/tr>\n      <\/tbody>\n    <\/table><\/div>\n\n\n\n<p class=\"wp-block-paragraph\">Het exacte aantal datapunten van de VS varieert afhankelijk van de telling en de definitieve bijlage van de wetgevende akte; circuleren de gegevens vari\u00ebren van ongeveer 46 veelgevraagde basis-datapunt tot ~140 datapunten over beide modules. De definitieve versie dient te worden vergeleken met de gepubliceerde bijlage.<br><\/p>\n\n\n\n<h3 class=\"wp-block-heading\">3. Waarom de VS de de facto standaard voor gegevensuitwisseling wordt<\/h3>\n\n\n\n<p class=\"wp-block-paragraph\">Regulering heeft zelden effect waar hij formeel begint, maar wel waar het marktgedrag verandert. De Vesting (VS) raakt een gevoelige snaar omdat hij drie belangen tegelijk bedient. Voor de&nbsp;<strong>Grootconcern<\/strong>&nbsp;lost het een compliance-probleem op: Hij moet zijn leveringsketen bevragen, maar mag niet meer vragen dan de VS \u2013 dus hij bevraagt precies de VS. Voor het&nbsp;<strong>MKB<\/strong>&nbsp;het een effici\u00ebntieprobleem oplost: In plaats van twintig verschillende vragenlijsten te beantwoorden, beantwoordt het eenmalig de VS en bedient daarmee alle. Voor&nbsp;<strong>Banken<\/strong>&nbsp;cre\u00ebert hij een vergelijkbare database voor kredietverlening en portefeuillebeheer.<\/p>\n\n\n\n<p class=\"wp-block-paragraph\">Als alle drie de partijen hetzelfde formaat wensen, ontstaat een standaard \u2013 ongeacht of die \u201evrijwillig\u00bb wordt genoemd. De realistische routekaart: een&nbsp;<strong>Aanpassingsfase van september tot december 2026<\/strong>, waarin de eerste grote bedrijven de VS van leveranciers beginnen te eisen.&nbsp;<strong>Vanaf 2027<\/strong>&nbsp;wordt de VS in de relatie \u201egrootbedrijf \u2194 MKB\u00bb de de-facto-standaard in de hele EU. Wie tegen die tijd geen betrouwbare, brongebonden VS-gegevensbasis heeft, onderhandelt bij elke aanbesteding vanuit een zwakkere positie.<\/p>\n\n\n\n<p class=\"wp-block-paragraph\"><\/p>\n\n\n\n<p class=\"wp-block-paragraph\"><strong>Waar voorzichtigheid geboden is<\/strong><\/p>\n\n\n\n<p class=\"wp-block-paragraph\">\u201eDe facto verplichtend\u00bb blijft een prognose, geen juridische realiteit. De gedelegeerde wet ondergaat nog de toetsingsfase door het Parlement en de Raad (maximaal vier maanden), details kunnen nog gewijzigd worden. En de marktpenetratie hangt ervan af hoe consequent grote ondernemingen de VS daadwerkelijk als inkoopstandaard gaan verankeren. De richting is duidelijk \u2013 het tempo nog niet.<\/p>\n\n\n\n<h3 class=\"wp-block-heading\">4. Wat dat concreet betekent voor het midden- en kleinbedrijf<br><\/h3>\n\n\n\n<p class=\"wp-block-paragraph\">Voor een MKB is de cruciale vraag niet \u201eBen ik rapporteringsplichtig?\u00bb, maar \u201eKan ik leveren wat mijn grootste klant en mijn bank vanaf 2027 standaard zullen eisen?\u00bb. Precies op deze vraag is de ZEROvia-aanpak afgestemd. In plaats van een zware rapportagetool, een pragmatische driestappenmethode die een bedrijf vanaf nul naar een ES-geschikte gegevensbasis leidt \u2013 elke uitspraak brongebonden, controleerbaar en herbruikbaar.<\/p>\n\n\n\n<h4 class=\"wp-block-heading\">Vastleggen. Aantonen. Verbeteren.<\/h4>\n\n\n\n<p class=\"wp-block-paragraph\">De pragmatische weg naar het VS-rapport \u2013 van gratis start tot bankklare dataset.<\/p>\n\n\n\n<p class=\"card wp-block-paragraph\"><strong>1. ESG Sneltest<\/strong>20 vragen, directe score en volwassenheid. Gratis, in minuten \u2013 de laagdrempelige start die laat zien waar een bedrijf staat.<\/p>\n\n\n\n<p class=\"card wp-block-paragraph\"><strong>2. ESG-beoordeling<\/strong>Onderbouwd oordeel op basis van 48 vragen. Geen score zonder bronbewijs \u2013 de betrouwbare nulmeting als basis voor het rapport.<\/p>\n\n\n\n<p class=\"card wp-block-paragraph\"><strong>VS-rapport<\/strong>Uit het gecontroleerde gegevensmodel ontstaat de VS-conforme rapportage, waarmee een bedrijf de gestandaardiseerde eisen van grote klanten en banken bedient \u2013 controleerbaar en herbruikbaar.<\/p>\n\n\n\n<div style=\"height:48px\" aria-hidden=\"true\" class=\"wp-block-spacer\"><\/div>\n\n\n\n<h4 class=\"wp-block-heading has-text-align-center\">Klaar voor de VS-standaard? <br>\u201aBegin met de gratis Quick Check.<\/h4>\n\n\n\n<p class=\"has-text-align-center wp-block-paragraph\"><a href=\"https:\/\/zerovia.app\/client\/register\" target=\"_blank\" rel=\"noreferrer noopener\" class=\"brxe-button button-primary bricks-button bricks-background-primary\">ESG Snelle Check starten<\/a><\/p>\n\n\n\n<div style=\"height:48px\" aria-hidden=\"true\" class=\"wp-block-spacer\"><\/div>\n\n\n\n<p class=\"wp-block-paragraph\">Het punt is niet dat ZEROvia slechts een ander rapportagetool is. Het punt is de onderliggende databank:&nbsp;<strong>een gecontroleerd, bron-gebonden datamodel<\/strong>, waaruit zowel het private VS-rapport voor banken en grote klanten als een openbaar, door AI leesbaar ESG-profiel kan worden gegenereerd. Als de VS de standaard voor gegevensuitwisseling wordt, wint niet degene die het meest rapporteert, maar degene die zijn bewijsmateriaal eenmaal netjes vastlegt en naar believen kan hergebruiken.<\/p>\n\n\n\n<p class=\"wp-block-paragraph\">Voor het midden- en kleinbedrijf is de VS dus geen bedreiging, maar een aangekondigde vereenvoudiging. De bedrijven die nu hun databank op orde brengen, zullen in 2027 niet gehaast vragenlijsten invullen. Zij zullen op commando leveren.<\/p>\n\n\n\n<div data-wp-context=\"{ &quot;autoclose&quot;: false, &quot;accordionItems&quot;: [] }\" data-wp-interactive=\"core\/accordion\" role=\"group\" class=\"wp-block-accordion is-layout-flow wp-block-accordion-is-layout-flow\">\n<div data-wp-class--is-open=\"state.isOpen\" data-wp-context=\"{ &quot;id&quot;: &quot;accordion-item-1&quot;, &quot;openByDefault&quot;: false }\" data-wp-init=\"callbacks.initAccordionItems\" data-wp-on-window--hashchange=\"callbacks.hashChange\" class=\"wp-block-accordion-item is-layout-flow wp-block-accordion-item-is-layout-flow\">\n<h3 class=\"wp-block-accordion-heading has-medium-font-size\"><button aria-expanded=\"false\" aria-controls=\"accordion-item-1-panel\" data-wp-bind--aria-expanded=\"state.isOpen\" data-wp-on--click=\"actions.toggle\" id=\"accordion-item-1\" type=\"button\" class=\"wp-block-accordion-heading__toggle\"><span class=\"wp-block-accordion-heading__toggle-title\">Wat is de VS-standaard en waarmee onderscheidt deze zich van de VSME?<\/span><span class=\"wp-block-accordion-heading__toggle-icon\" aria-hidden=\"true\">+<\/span><\/button><\/h3>\n\n\n\n<div aria-labelledby=\"accordion-item-1\" data-wp-bind--hidden=\"state.isHidden\" data-wp-on--beforematch=\"actions.handleBeforeMatch\" id=\"accordion-item-1-panel\" role=\"region\" class=\"wp-block-accordion-panel is-layout-flow wp-block-accordion-panel-is-layout-flow\">\n<p class=\"wp-block-paragraph\">De VS (\u201eVoluntary Standard\u00bb) is de bindende versie van de vrijwillige duurzaamheidsnorm voor bedrijven die niet onder de CSRD vallen, vastgesteld op 3 juli 2026 als gedelegeerde wet (C(2026) 5011 final). Inhoudelijk is deze gebaseerd op de VSME, die EFRAG in december 2024 heeft ingediend en die de Commissie in juli 2025 als aanbeveling heeft aangenomen. Het belangrijkste verschil is de juridische status: een niet-bindende aanbeveling wordt bindende EU-wetgeving, die tegelijkertijd dient als een wettelijke bovengrens (\u201eValue Chain Cap\u00bb) voor gegevensverzoeken aan MKB-ondernemingen.<\/p>\n<\/div>\n<\/div>\n\n\n\n<div data-wp-class--is-open=\"state.isOpen\" data-wp-context=\"{ &quot;id&quot;: &quot;accordion-item-2&quot;, &quot;openByDefault&quot;: false }\" data-wp-init=\"callbacks.initAccordionItems\" data-wp-on-window--hashchange=\"callbacks.hashChange\" class=\"wp-block-accordion-item is-layout-flow wp-block-accordion-item-is-layout-flow\">\n<h3 class=\"wp-block-accordion-heading has-medium-font-size\"><button aria-expanded=\"false\" aria-controls=\"accordion-item-2-panel\" data-wp-bind--aria-expanded=\"state.isOpen\" data-wp-on--click=\"actions.toggle\" id=\"accordion-item-2\" type=\"button\" class=\"wp-block-accordion-heading__toggle\"><span class=\"wp-block-accordion-heading__toggle-title\">Is mijn MKB verplicht om te rapporteren volgens de VS-standaard?<\/span><span class=\"wp-block-accordion-heading__toggle-icon\" aria-hidden=\"true\">+<\/span><\/button><\/h3>\n\n\n\n<div aria-labelledby=\"accordion-item-2\" data-wp-bind--hidden=\"state.isHidden\" data-wp-on--beforematch=\"actions.handleBeforeMatch\" id=\"accordion-item-2-panel\" role=\"region\" class=\"wp-block-accordion-panel is-layout-flow wp-block-accordion-panel-is-layout-flow\">\n<p class=\"wp-block-paragraph\">Nee. Voor het MKB zelf blijft de toepassing vrijwillig. Verplichtend is de standaard voor de andere partij: beursgenoteerde grotere klanten mogen van leveranciers met minder dan 1.000 werknemers geen duurzaamheidsgegevens vragen die verder gaan dan de VS. In de praktijk wordt de VS hierdoor het feitelijke profiel van vereisten als een MKB grotere klanten of banken wil bedienen.<\/p>\n<\/div>\n<\/div>\n\n\n\n<div data-wp-class--is-open=\"state.isOpen\" data-wp-context=\"{ &quot;id&quot;: &quot;accordion-item-3&quot;, &quot;openByDefault&quot;: false }\" data-wp-init=\"callbacks.initAccordionItems\" data-wp-on-window--hashchange=\"callbacks.hashChange\" class=\"wp-block-accordion-item is-layout-flow wp-block-accordion-item-is-layout-flow\">\n<h3 class=\"wp-block-accordion-heading has-medium-font-size\"><button aria-expanded=\"false\" aria-controls=\"accordion-item-3-panel\" data-wp-bind--aria-expanded=\"state.isOpen\" data-wp-on--click=\"actions.toggle\" id=\"accordion-item-3\" type=\"button\" class=\"wp-block-accordion-heading__toggle\"><span class=\"wp-block-accordion-heading__toggle-title\">Wat is de \u201eValue Chain Cap\u00bb?<\/span><span class=\"wp-block-accordion-heading__toggle-icon\" aria-hidden=\"true\">+<\/span><\/button><\/h3>\n\n\n\n<div aria-labelledby=\"accordion-item-3\" data-wp-bind--hidden=\"state.isHidden\" data-wp-on--beforematch=\"actions.handleBeforeMatch\" id=\"accordion-item-3-panel\" role=\"region\" class=\"wp-block-accordion-panel is-layout-flow wp-block-accordion-panel-is-layout-flow\">\n<p class=\"wp-block-paragraph\">De Value Chain Cap is een wettelijke limiet die is ingevoerd met het Omnibus I-pakket: meldingsplichtige bedrijven mogen van MKB-zakenpartners (onder de 1.000 medewerkers) alleen informatie opvragen die overeenkomt met de VS-standaard. MKB's hebben het wettelijke recht om verzoeken die verder gaan af te wijzen.<\/p>\n<\/div>\n<\/div>\n\n\n\n<div data-wp-class--is-open=\"state.isOpen\" data-wp-context=\"{ &quot;id&quot;: &quot;accordion-item-4&quot;, &quot;openByDefault&quot;: false }\" data-wp-init=\"callbacks.initAccordionItems\" data-wp-on-window--hashchange=\"callbacks.hashChange\" class=\"wp-block-accordion-item is-layout-flow wp-block-accordion-item-is-layout-flow\">\n<h3 class=\"wp-block-accordion-heading has-medium-font-size\"><button aria-expanded=\"false\" aria-controls=\"accordion-item-4-panel\" data-wp-bind--aria-expanded=\"state.isOpen\" data-wp-on--click=\"actions.toggle\" id=\"accordion-item-4\" type=\"button\" class=\"wp-block-accordion-heading__toggle\"><span class=\"wp-block-accordion-heading__toggle-title\">Vanaf wanneer geldt de VS-standaard?<\/span><span class=\"wp-block-accordion-heading__toggle-icon\" aria-hidden=\"true\">+<\/span><\/button><\/h3>\n\n\n\n<div aria-labelledby=\"accordion-item-4\" data-wp-bind--hidden=\"state.isHidden\" data-wp-on--beforematch=\"actions.handleBeforeMatch\" id=\"accordion-item-4-panel\" role=\"region\" class=\"wp-block-accordion-panel is-layout-flow wp-block-accordion-panel-is-layout-flow\">\n<p class=\"wp-block-paragraph\">De gedelegeerde handeling werd op 3 juli 2026 door de Commissie aangenomen en doorloopt de toetsingsfase door het Europees Parlement en de Raad (maximaal vier maanden). De praktische toepassing wordt verwacht vanaf afzetjaar 2027, met een vrijwillige vroege toepassing vanaf boekjaar 2026 mogelijk. Marktwaarnemers verwachten een aanpassingsfase vanaf najaar 2026 en een brede implementatie vanaf 2027.<\/p>\n<\/div>\n<\/div>\n\n\n\n<div data-wp-class--is-open=\"state.isOpen\" data-wp-context=\"{ &quot;id&quot;: &quot;accordion-item-5&quot;, &quot;openByDefault&quot;: false }\" data-wp-init=\"callbacks.initAccordionItems\" data-wp-on-window--hashchange=\"callbacks.hashChange\" class=\"wp-block-accordion-item is-layout-flow wp-block-accordion-item-is-layout-flow\">\n<h3 class=\"wp-block-accordion-heading has-medium-font-size\"><button aria-expanded=\"false\" aria-controls=\"accordion-item-5-panel\" data-wp-bind--aria-expanded=\"state.isOpen\" data-wp-on--click=\"actions.toggle\" id=\"accordion-item-5\" type=\"button\" class=\"wp-block-accordion-heading__toggle\"><span class=\"wp-block-accordion-heading__toggle-title\">Welke inhoud omvat de VS-standaard?<\/span><span class=\"wp-block-accordion-heading__toggle-icon\" aria-hidden=\"true\">+<\/span><\/button><\/h3>\n\n\n\n<div aria-labelledby=\"accordion-item-5\" data-wp-bind--hidden=\"state.isHidden\" data-wp-on--beforematch=\"actions.handleBeforeMatch\" id=\"accordion-item-5-panel\" role=\"region\" class=\"wp-block-accordion-panel is-layout-flow wp-block-accordion-panel-is-layout-flow\">\n<p class=\"wp-block-paragraph\">De standaard is opgebouwd uit twee fasen: een basismodule (B1\u2013B11) met de meest gevraagde indicatoren \u2013 waaronder broeikasgasemissies Scope 1 en 2, gegevens over personeel, energie en bestuur \u2013 en een uitgebreide module (C1\u2013C9) met aanvullende gegevens die vaak door banken en grote klanten worden gevraagd. Een dubbele materialiteitsanalyse en een externe audit zijn niet verplicht.<\/p>\n\n\n\n<p class=\"wp-block-paragraph\"><\/p>\n<\/div>\n<\/div>\n<\/div>\n\n\n\n<div style=\"height:48px\" aria-hidden=\"true\" class=\"wp-block-spacer\"><\/div>\n\n\n\n<h2 class=\"wp-block-heading\">Voetnoten \/ Bronnen<\/h2>\n\n\n\n<ol class=\"wp-block-list\">\n<li>Europese Commissie, Gedelegeerde Verordening C(2026) 5011 definitief, Brussel, 3.7.2026 (Primair document):\u00a0<a href=\"https:\/\/ec.europa.eu\/finance\/docs\/level-2-measures\/csrd-delegated-act-2026-5011_en.pdf\">ec.europa.eu\/finance\/docs\/level-2-measures\/csrd-delegated-act-2026-5011_en.pdf<\/a><\/li>\n\n\n\n<li>Europese Commissie, \u201eCommissie vraagt feedback op herziene duurzaamheidsverslaggevingsnormen\u00bb (6.5.2026):\u00a0<a href=\"https:\/\/finance.ec.europa.eu\/news\/commission-seeks-feedback-revised-sustainability-reporting-standards-2026-05-06_en\">financi\u00ebn.ec.europa.eu<\/a><\/li>\n\n\n\n<li>Europese Commissie, \u201eV&amp;A: Aanbeveling inzake een vrijwillige duurzaamheidsverslaggevingsstandaard voor het midden- en kleinbedrijf\u00bb\u00a0<a href=\"https:\/\/finance.ec.europa.eu\/publications\/questions-and-answers-recommendation-voluntary-sustainability-reporting-standard-small-and-medium_en\">financi\u00ebn.ec.europa.eu<\/a><\/li>\n\n\n\n<li>Europese Commissie, \u201eCommissie presenteert vrijwillige duurzaamheidsrapportagestandaard om last voor het mkb te verlichten\u00bb:\u00a0<a href=\"https:\/\/finance.ec.europa.eu\/publications\/commission-presents-voluntary-sustainability-reporting-standard-ease-burden-smes_en\">financi\u00ebn.ec.europa.eu<\/a><\/li>\n\n\n\n<li>EFRAG, VSME-standaard (december 2024):\u00a0<a href=\"https:\/\/www.efrag.org\/sites\/default\/files\/sites\/webpublishing\/SiteAssets\/VSME%20Standard.pdf\">efrag.org \u2013 VSME Standaard (PDF)<\/a><\/li>\n\n\n\n<li>EFRAG, \u201eMKB en Duurzaamheidsverslaggeving\u00bb:\u00a0<a href=\"https:\/\/www.efrag.org\/en\/smes-and-sustainability-reporting\">efrag.org<\/a><\/li>\n\n\n\n<li>Deloitte, \u201eEU Sustainability Reporting \u2014 Omnibus Legislative Developments and Updates to ESRS\u00bb (14.1.2026):\u00a0<a href=\"https:\/\/dart.deloitte.com\/USDART\/home\/publications\/deloitte\/heads-up\/2026\/eu-sustainability-reporting-omnibus-esrs-updates\">dart.deloitte.com<\/a><\/li>\n\n\n\n<li>PwC, \u201e\u2019Omnibus\u2018 richtlijn definitief vastgesteld\u00bb:\u00a0<a href=\"https:\/\/viewpoint.pwc.com\/gx\/en\/pwc\/in-briefs\/ib_int202527.html\">viewpoint.pwc.com<\/a><\/li>\n\n\n\n<li>Covington (Inside Energy &amp; Environment), \u201eEuropese Commissie publiceert \u201aESRS 2.0\u2018 ter consultatie\u00bb (mei 2026):\u00a0<a href=\"https:\/\/www.insideenergyandenvironment.com\/2026\/05\/european-commission-publishes-esrs-2-0-for-public-consultation-draft-closely-follows-efrags-technical-advice-with-additional-simplifications-for-companies\/\">insideenergyandenvironment.com<\/a><\/li>\n\n\n\n<li>Generation Impact Global, \u201eVSME en het MKB-traject: trickle-down cap uitgelegd\u00bb:\u00a0<a href=\"https:\/\/generationimpact.global\/blog\/vsme-double-materiality-smes\/\">generationimpact.global<\/a><\/li>\n<\/ol>\n\n\n\n<p class=\"wp-block-paragraph\">Dit bericht dient ter informatie en vervangt geen juridisch of inspectieadvies. De juridische status en de details van de gedelegeerde handeling kunnen nog veranderen tijdens de toetsingsfase door het Parlement en de Raad; de definitieve versie die in het Publicatieblad wordt bekendgemaakt, is bepalend.<\/p>\n\n\n\n<p class=\"wp-block-paragraph\"><\/p>\n\n\n\n<p class=\"wp-block-paragraph\"><\/p>\n\n\n\n<p class=\"wp-block-paragraph\"><\/p>\n\n\n\n<p class=\"wp-block-paragraph\"><\/p>","protected":false},"excerpt":{"rendered":"<p>Was heisst Nachhaltigkeit f\u00fcr ein Schweizer KMU? Am 3. Juli 2026 hat die EU-Kommission den freiwilligen Nachhaltigkeitsstandard als delegierten Rechtsakt verabschiedet. Er sieht harmlos aus \u2013 \u201efreiwillig&#187;. Tats\u00e4chlich entscheidet er, welche ESG-Daten ein KMU in der Lieferkette \u00fcberhaupt noch liefern muss. Eine Einordnung. Wer die europ\u00e4ische ESG-Regulierung seit der ersten CSRD-Konsultation begleitet, hat gelernt, Ank\u00fcndigungen [&hellip;]<\/p>\n","protected":false},"author":2,"featured_media":4128,"comment_status":"closed","ping_status":"closed","sticky":false,"template":"","format":"standard","meta":{"footnotes":""},"categories":[12,13],"tags":[],"class_list":["post-4091","post","type-post","status-publish","format-standard","has-post-thumbnail","hentry","category-esg","category-nachhaltigkeit"],"_links":{"self":[{"href":"https:\/\/zerovia.ch\/nl\/wp-json\/wp\/v2\/posts\/4091","targetHints":{"allow":["GET"]}}],"collection":[{"href":"https:\/\/zerovia.ch\/nl\/wp-json\/wp\/v2\/posts"}],"about":[{"href":"https:\/\/zerovia.ch\/nl\/wp-json\/wp\/v2\/types\/post"}],"author":[{"embeddable":true,"href":"https:\/\/zerovia.ch\/nl\/wp-json\/wp\/v2\/users\/2"}],"replies":[{"embeddable":true,"href":"https:\/\/zerovia.ch\/nl\/wp-json\/wp\/v2\/comments?post=4091"}],"version-history":[{"count":36,"href":"https:\/\/zerovia.ch\/nl\/wp-json\/wp\/v2\/posts\/4091\/revisions"}],"predecessor-version":[{"id":4127,"href":"https:\/\/zerovia.ch\/nl\/wp-json\/wp\/v2\/posts\/4091\/revisions\/4127"}],"wp:featuredmedia":[{"embeddable":true,"href":"https:\/\/zerovia.ch\/nl\/wp-json\/wp\/v2\/media\/4128"}],"wp:attachment":[{"href":"https:\/\/zerovia.ch\/nl\/wp-json\/wp\/v2\/media?parent=4091"}],"wp:term":[{"taxonomy":"category","embeddable":true,"href":"https:\/\/zerovia.ch\/nl\/wp-json\/wp\/v2\/categories?post=4091"},{"taxonomy":"post_tag","embeddable":true,"href":"https:\/\/zerovia.ch\/nl\/wp-json\/wp\/v2\/tags?post=4091"}],"curies":[{"name":"wp","href":"https:\/\/api.w.org\/{rel}","templated":true}]}}